{"id":925,"date":"2016-01-05T07:07:57","date_gmt":"2016-01-05T06:07:57","guid":{"rendered":"http:\/\/humm.loverde.fr\/?p=925"},"modified":"2018-01-25T00:21:08","modified_gmt":"2018-01-24T23:21:08","slug":"le-vrai-cake-anglais-aux-fruits-confits","status":"publish","type":"post","link":"https:\/\/humm.loverde.fr\/?p=925","title":{"rendered":"Le vrai cake anglais aux fruits confits"},"content":{"rendered":"<p>Dans la recette de d\u00e9part il y avait 150g de fruits confits, comme j&rsquo;en ai mis 300 il a fallu adapter et j&rsquo;ai ajout\u00e9 un peu de farine, pas de sucre puisque les fruits confits sont d\u00e9j\u00e0 sucr\u00e9, mais j&rsquo;ai mis 1 paquet de levure au lieu de 1\/2.<\/p>\n<p>&nbsp;<br \/>\n<figure id=\"attachment_926\" aria-describedby=\"caption-attachment-926\" style=\"width: 800px\" class=\"wp-caption aligncenter\"><img data-recalc-dims=\"1\" loading=\"lazy\" decoding=\"async\" data-attachment-id=\"926\" data-permalink=\"https:\/\/humm.loverde.fr\/?attachment_id=926\" data-orig-file=\"https:\/\/i0.wp.com\/humm.loverde.fr\/wp-content\/uploads\/2015\/12\/Le-vrai-cake-anglais-aux-fruits-confits-1.jpg?fit=800%2C450&amp;ssl=1\" data-orig-size=\"800,450\" data-comments-opened=\"1\" data-image-meta=\"{&quot;aperture&quot;:&quot;0&quot;,&quot;credit&quot;:&quot;&quot;,&quot;camera&quot;:&quot;&quot;,&quot;caption&quot;:&quot;&quot;,&quot;created_timestamp&quot;:&quot;0&quot;,&quot;copyright&quot;:&quot;&quot;,&quot;focal_length&quot;:&quot;0&quot;,&quot;iso&quot;:&quot;0&quot;,&quot;shutter_speed&quot;:&quot;0&quot;,&quot;title&quot;:&quot;&quot;,&quot;orientation&quot;:&quot;0&quot;}\" data-image-title=\"Le vrai cake anglais aux fruits confits\" data-image-description=\"&lt;p&gt;Le vrai cake anglais aux fruits confits&lt;\/p&gt;\n\" data-image-caption=\"&lt;p&gt;Le vrai cake anglais aux fruits confits&lt;\/p&gt;\n\" data-large-file=\"https:\/\/i0.wp.com\/humm.loverde.fr\/wp-content\/uploads\/2015\/12\/Le-vrai-cake-anglais-aux-fruits-confits-1.jpg?fit=800%2C450&amp;ssl=1\" class=\"size-medium wp-image-926\" src=\"https:\/\/i0.wp.com\/humm.loverde.fr\/wp-content\/uploads\/2015\/12\/Le-vrai-cake-anglais-aux-fruits-confits-1.jpg?resize=800%2C450&#038;ssl=1\" alt=\"Le vrai cake anglais aux fruits confits\" width=\"800\" height=\"450\" \/><figcaption id=\"caption-attachment-926\" class=\"wp-caption-text\">Le vrai cake anglais aux fruits confits<\/figcaption><\/figure><\/p>\n<p>&nbsp;<br \/>\n<strong> Ingr\u00e9dients pour un beau cake<\/strong><\/p>\n<ul>\n<li>180 \u00e0 200 gr de farine*<\/li>\n<li>2 oeufs<\/li>\n<li>1 cuill. \u00e0 soupe de rhum<\/li>\n<li>75 gr de cassonade blonde<\/li>\n<li>1 sachet de levure chimique<\/li>\n<li>100 gr de raisins secs<\/li>\n<li>150&#215;2 gr de mac\u00e9doine de fruits confits<\/li>\n<li>100 gr de beurre ramolli<\/li>\n<\/ul>\n<p>&nbsp;<br \/>\n<strong>Pr\u00e9paration:<\/strong><br \/>\nRehydrater les raisins avec une cuill\u00e8re de rhum dans de l&rsquo;eau chaude.<br \/>\nPr\u00e9chauffer le four \u00e0 250\u00b0C.<br \/>\nBattre le beurre ramolli avec la cassonade et les \u0153ufs.<br \/>\nAjouter la farine et la levure et bien m\u00e9langer.<br \/>\nAjouter les raisins \u00e9goutt\u00e9s et les fruits confits \u00e0 la p\u00e2te.<br \/>\nLa p\u00e2te ne doit pas \u00eatre trop liquide pour faire tenir les fruits confits, si c&rsquo;est le cas ajouter (*on part de 180g) un peu de farine.<\/p>\n<p>&nbsp;<br \/>\n<figure id=\"attachment_927\" aria-describedby=\"caption-attachment-927\" style=\"width: 800px\" class=\"wp-caption aligncenter\"><img data-recalc-dims=\"1\" loading=\"lazy\" decoding=\"async\" data-attachment-id=\"927\" data-permalink=\"https:\/\/humm.loverde.fr\/?attachment_id=927\" data-orig-file=\"https:\/\/i0.wp.com\/humm.loverde.fr\/wp-content\/uploads\/2015\/12\/Le-vrai-cake-anglais-aux-fruits-confits-2.jpg?fit=800%2C450&amp;ssl=1\" data-orig-size=\"800,450\" data-comments-opened=\"1\" data-image-meta=\"{&quot;aperture&quot;:&quot;0&quot;,&quot;credit&quot;:&quot;&quot;,&quot;camera&quot;:&quot;&quot;,&quot;caption&quot;:&quot;&quot;,&quot;created_timestamp&quot;:&quot;0&quot;,&quot;copyright&quot;:&quot;&quot;,&quot;focal_length&quot;:&quot;0&quot;,&quot;iso&quot;:&quot;0&quot;,&quot;shutter_speed&quot;:&quot;0&quot;,&quot;title&quot;:&quot;&quot;,&quot;orientation&quot;:&quot;0&quot;}\" data-image-title=\"Le vrai cake anglais aux fruits confits\" data-image-description=\"&lt;p&gt;Le vrai cake anglais aux fruits confits&lt;\/p&gt;\n\" data-image-caption=\"&lt;p&gt;Le vrai cake anglais aux fruits confits&lt;\/p&gt;\n\" data-large-file=\"https:\/\/i0.wp.com\/humm.loverde.fr\/wp-content\/uploads\/2015\/12\/Le-vrai-cake-anglais-aux-fruits-confits-2.jpg?fit=800%2C450&amp;ssl=1\" class=\"size-medium wp-image-927\" src=\"https:\/\/i0.wp.com\/humm.loverde.fr\/wp-content\/uploads\/2015\/12\/Le-vrai-cake-anglais-aux-fruits-confits-2.jpg?resize=800%2C450&#038;ssl=1\" alt=\"Le vrai cake anglais aux fruits confits\" width=\"800\" height=\"450\" \/><figcaption id=\"caption-attachment-927\" class=\"wp-caption-text\">Le vrai cake anglais aux fruits confits<\/figcaption><\/figure><\/p>\n<p>&nbsp;<br \/>\nRemplir un moule \u00e0 cake beurr\u00e9 farin\u00e9.<br \/>\nBaisser le four \u00e0 180\u00b0C et enfourner le cake pendant environ 40 minutes.<br \/>\nAu bout de 10 minutes de cuisson, entailler le cake dans la longueur pour qu&rsquo;il cuise bien \u00e0 l&rsquo;int\u00e9rieur.<br \/>\nPour \u00eatre s\u00fbr de la cuisson, le test du couteau reste une m\u00e9thode \u00e9prouv\u00e9e.<br \/>\nLaisser refroidir avant de d\u00e9guster si vous pouvez&#8230;<\/p>\n<p>&nbsp;<br \/>\nD&rsquo;habitude je pr\u00e9chauffe le four \u00e0 la m\u00eame temp\u00e9rature que la cuisson qui suit. Cette fois, \u00e0 250\u00b0C pour le pr\u00e9chauffage. Il me semble que \u00e7a a aid\u00e9 \u00e0 ce que les fruits confits ne tombent pas au fond.<\/p>\n","protected":false},"excerpt":{"rendered":"<p>Dans la recette de d\u00e9part il y avait 150g de fruits confits, comme j&rsquo;en ai mis 300 il a fallu &hellip; <\/p>\n","protected":false},"author":1,"featured_media":0,"comment_status":"open","ping_status":"open","sticky":false,"template":"","format":"standard","meta":{"jetpack_post_was_ever_published":false,"_jetpack_newsletter_access":"","_jetpack_dont_email_post_to_subs":false,"_jetpack_newsletter_tier_id":0,"_jetpack_memberships_contains_paywalled_content":false,"_jetpack_memberships_contains_paid_content":false,"footnotes":"","jetpack_publicize_message":"","jetpack_publicize_feature_enabled":true,"jetpack_social_post_already_shared":false,"jetpack_social_options":{"image_generator_settings":{"template":"highway","default_image_id":0,"font":"","enabled":false},"version":2}},"categories":[2],"tags":[330,329,31,30,40],"class_list":["post-925","post","type-post","status-publish","format-standard","hentry","category-recettes","tag-anglais","tag-cake","tag-fruits-confits","tag-raisins-secs","tag-rhum"],"jetpack_publicize_connections":[],"jetpack_featured_media_url":"","jetpack_sharing_enabled":true,"jetpack_shortlink":"https:\/\/wp.me\/p9whbF-eV","jetpack_likes_enabled":true,"jetpack-related-posts":[{"id":7938,"url":"https:\/\/humm.loverde.fr\/?p=7938","url_meta":{"origin":925,"position":0},"title":"Encore un cake","author":"cloverde","date":"15 novembre 2022","format":false,"excerpt":"Un peu marre des viennoiseries trop grasses, des biscuits sp\u00e9cial petit d\u00e9jeuner class\u00e9 mauvais par Yuka, biscottes beurre confiture c'est pas mieux avec trop de sucre. Donc un retour aux sources avec un cake au fruit confits, il y avait longtemps que je n'en avais fait. J'ai v\u00e9rifi\u00e9 que ces\u2026","rel":"","context":"Dans &quot;Recettes&quot;","block_context":{"text":"Recettes","link":"https:\/\/humm.loverde.fr\/?cat=2"},"img":{"alt_text":"","src":"https:\/\/i0.wp.com\/humm.loverde.fr\/wp-content\/uploads\/2022\/11\/IMG_20221029_084407_207.jpg?fit=1200%2C540&ssl=1&resize=350%2C200","width":350,"height":200,"srcset":"https:\/\/i0.wp.com\/humm.loverde.fr\/wp-content\/uploads\/2022\/11\/IMG_20221029_084407_207.jpg?fit=1200%2C540&ssl=1&resize=350%2C200 1x, https:\/\/i0.wp.com\/humm.loverde.fr\/wp-content\/uploads\/2022\/11\/IMG_20221029_084407_207.jpg?fit=1200%2C540&ssl=1&resize=525%2C300 1.5x, https:\/\/i0.wp.com\/humm.loverde.fr\/wp-content\/uploads\/2022\/11\/IMG_20221029_084407_207.jpg?fit=1200%2C540&ssl=1&resize=700%2C400 2x, https:\/\/i0.wp.com\/humm.loverde.fr\/wp-content\/uploads\/2022\/11\/IMG_20221029_084407_207.jpg?fit=1200%2C540&ssl=1&resize=1050%2C600 3x"},"classes":[]},{"id":11147,"url":"https:\/\/humm.loverde.fr\/?p=11147","url_meta":{"origin":925,"position":1},"title":"Cake au yaourt","author":"kris33390","date":"3 septembre 2024","format":false,"excerpt":"Une recette ancienne de ma maman. J'en ai d\u00e9j\u00e0 fait mais c'\u00e9tait il y a longtemps. Le plus c'est le moelleux, par rapport \u00e0 tous les autres cakes plus secs. C'est bien adapt\u00e9s aux p'tits d\u00e9j aussi. Ingr\u00e9dients 1 pot de yaourt nature 3 pots de yaourt plein de farine\u2026","rel":"","context":"Dans &quot;recette&quot;","block_context":{"text":"recette","link":"https:\/\/humm.loverde.fr\/?cat=1052"},"img":{"alt_text":"","src":"https:\/\/i0.wp.com\/humm.loverde.fr\/wp-content\/uploads\/2024\/08\/IMG_20240818_070432_833.jpg?fit=1200%2C540&ssl=1&resize=350%2C200","width":350,"height":200,"srcset":"https:\/\/i0.wp.com\/humm.loverde.fr\/wp-content\/uploads\/2024\/08\/IMG_20240818_070432_833.jpg?fit=1200%2C540&ssl=1&resize=350%2C200 1x, https:\/\/i0.wp.com\/humm.loverde.fr\/wp-content\/uploads\/2024\/08\/IMG_20240818_070432_833.jpg?fit=1200%2C540&ssl=1&resize=525%2C300 1.5x, https:\/\/i0.wp.com\/humm.loverde.fr\/wp-content\/uploads\/2024\/08\/IMG_20240818_070432_833.jpg?fit=1200%2C540&ssl=1&resize=700%2C400 2x, https:\/\/i0.wp.com\/humm.loverde.fr\/wp-content\/uploads\/2024\/08\/IMG_20240818_070432_833.jpg?fit=1200%2C540&ssl=1&resize=1050%2C600 3x"},"classes":[]},{"id":6594,"url":"https:\/\/humm.loverde.fr\/?p=6594","url_meta":{"origin":925,"position":2},"title":"Cake au fruit confits et aux noix","author":"cloverde","date":"28 septembre 2021","format":false,"excerpt":"28\/09 Je vous avais averti ! Je ne sais pas faire grand chose d'autre que des cakes. Je ne peux qu'innover dans l'accomodement. Cette fois ci j'ai ajout\u00e9 des noix aux fruits confits. Pourquoi ? J'avais des cerneaux de noix en pr\u00e9vision d'une pr\u00e9paration de salade assez \u00e9labor\u00e9e que j'ai\u2026","rel":"","context":"Dans &quot;Recettes&quot;","block_context":{"text":"Recettes","link":"https:\/\/humm.loverde.fr\/?cat=2"},"img":{"alt_text":"","src":"https:\/\/i0.wp.com\/humm.loverde.fr\/wp-content\/uploads\/2021\/09\/IMG_20210829_153504_632_copy_1280x591.jpg?fit=1200%2C554&ssl=1&resize=350%2C200","width":350,"height":200,"srcset":"https:\/\/i0.wp.com\/humm.loverde.fr\/wp-content\/uploads\/2021\/09\/IMG_20210829_153504_632_copy_1280x591.jpg?fit=1200%2C554&ssl=1&resize=350%2C200 1x, https:\/\/i0.wp.com\/humm.loverde.fr\/wp-content\/uploads\/2021\/09\/IMG_20210829_153504_632_copy_1280x591.jpg?fit=1200%2C554&ssl=1&resize=525%2C300 1.5x, https:\/\/i0.wp.com\/humm.loverde.fr\/wp-content\/uploads\/2021\/09\/IMG_20210829_153504_632_copy_1280x591.jpg?fit=1200%2C554&ssl=1&resize=700%2C400 2x, https:\/\/i0.wp.com\/humm.loverde.fr\/wp-content\/uploads\/2021\/09\/IMG_20210829_153504_632_copy_1280x591.jpg?fit=1200%2C554&ssl=1&resize=1050%2C600 3x"},"classes":[]},{"id":119,"url":"https:\/\/humm.loverde.fr\/?p=119","url_meta":{"origin":925,"position":3},"title":"Le pudding casablancais","author":"cloverde","date":"17 f\u00e9vrier 2015","format":false,"excerpt":"Ce n'est pas vraiment un pudding mais un g\u00e2teau de pain et normalement on fait \u00e7a avec du pain rassis mais vu qu'on ne mange plus beaucoup de pain on l'a achet\u00e9 expr\u00e8s. A l'origine il n'y avait pas de fruits confits. On faisait cette recette quand on \u00e9tait \u00e0\u2026","rel":"","context":"Dans &quot;Recettes&quot;","block_context":{"text":"Recettes","link":"https:\/\/humm.loverde.fr\/?cat=2"},"img":{"alt_text":"","src":"https:\/\/i0.wp.com\/humm.loverde.fr\/wp-content\/uploads\/2015\/01\/pudding.jpg?fit=800%2C450&ssl=1&resize=350%2C200","width":350,"height":200,"srcset":"https:\/\/i0.wp.com\/humm.loverde.fr\/wp-content\/uploads\/2015\/01\/pudding.jpg?fit=800%2C450&ssl=1&resize=350%2C200 1x, https:\/\/i0.wp.com\/humm.loverde.fr\/wp-content\/uploads\/2015\/01\/pudding.jpg?fit=800%2C450&ssl=1&resize=525%2C300 1.5x, https:\/\/i0.wp.com\/humm.loverde.fr\/wp-content\/uploads\/2015\/01\/pudding.jpg?fit=800%2C450&ssl=1&resize=700%2C400 2x"},"classes":[]},{"id":9192,"url":"https:\/\/humm.loverde.fr\/?p=9192","url_meta":{"origin":925,"position":4},"title":"Cake aux raisins secs","author":"cloverde","date":"14 novembre 2023","format":false,"excerpt":"Je n'ai pas v\u00e9rifi\u00e9 mais des cakes j'en ai fait beaucoup(*) et de toute sorte et je comme je ne sais pas trop faire autre chose je m'en suis un peu lass\u00e9. Ce cake aux raisins secs me semble presque nouveau et de toute fa\u00e7on je n'avais que \u00e7a (les\u2026","rel":"","context":"Dans &quot;Recettes&quot;","block_context":{"text":"Recettes","link":"https:\/\/humm.loverde.fr\/?cat=2"},"img":{"alt_text":"","src":"https:\/\/i0.wp.com\/humm.loverde.fr\/wp-content\/uploads\/2023\/10\/IMG_20231008_091846_96.jpg?fit=1200%2C540&ssl=1&resize=350%2C200","width":350,"height":200,"srcset":"https:\/\/i0.wp.com\/humm.loverde.fr\/wp-content\/uploads\/2023\/10\/IMG_20231008_091846_96.jpg?fit=1200%2C540&ssl=1&resize=350%2C200 1x, https:\/\/i0.wp.com\/humm.loverde.fr\/wp-content\/uploads\/2023\/10\/IMG_20231008_091846_96.jpg?fit=1200%2C540&ssl=1&resize=525%2C300 1.5x, https:\/\/i0.wp.com\/humm.loverde.fr\/wp-content\/uploads\/2023\/10\/IMG_20231008_091846_96.jpg?fit=1200%2C540&ssl=1&resize=700%2C400 2x, https:\/\/i0.wp.com\/humm.loverde.fr\/wp-content\/uploads\/2023\/10\/IMG_20231008_091846_96.jpg?fit=1200%2C540&ssl=1&resize=1050%2C600 3x"},"classes":[]},{"id":3529,"url":"https:\/\/humm.loverde.fr\/?p=3529","url_meta":{"origin":925,"position":5},"title":"Cake marbr\u00e9","author":"cloverde","date":"29 janvier 2019","format":false,"excerpt":"Cake marbr\u00e9 Envie de cake mais pas grand chose dans les placards ni dans le frigo, pas de fruits confits, pas de raisins secs, rien, nada ! Mais du cacao en poudre et les ingr\u00e9dients de base qu'il y a dans une maison m\u00eame quand le frigo est quasiment vide\u2026","rel":"","context":"Dans &quot;Recettes&quot;","block_context":{"text":"Recettes","link":"https:\/\/humm.loverde.fr\/?cat=2"},"img":{"alt_text":"","src":"https:\/\/i0.wp.com\/humm.loverde.fr\/wp-content\/uploads\/2019\/01\/attachment-2-1.png?fit=800%2C450&ssl=1&resize=350%2C200","width":350,"height":200,"srcset":"https:\/\/i0.wp.com\/humm.loverde.fr\/wp-content\/uploads\/2019\/01\/attachment-2-1.png?fit=800%2C450&ssl=1&resize=350%2C200 1x, https:\/\/i0.wp.com\/humm.loverde.fr\/wp-content\/uploads\/2019\/01\/attachment-2-1.png?fit=800%2C450&ssl=1&resize=525%2C300 1.5x, https:\/\/i0.wp.com\/humm.loverde.fr\/wp-content\/uploads\/2019\/01\/attachment-2-1.png?fit=800%2C450&ssl=1&resize=700%2C400 2x"},"classes":[]}],"_links":{"self":[{"href":"https:\/\/humm.loverde.fr\/index.php?rest_route=\/wp\/v2\/posts\/925","targetHints":{"allow":["GET"]}}],"collection":[{"href":"https:\/\/humm.loverde.fr\/index.php?rest_route=\/wp\/v2\/posts"}],"about":[{"href":"https:\/\/humm.loverde.fr\/index.php?rest_route=\/wp\/v2\/types\/post"}],"author":[{"embeddable":true,"href":"https:\/\/humm.loverde.fr\/index.php?rest_route=\/wp\/v2\/users\/1"}],"replies":[{"embeddable":true,"href":"https:\/\/humm.loverde.fr\/index.php?rest_route=%2Fwp%2Fv2%2Fcomments&post=925"}],"version-history":[{"count":3,"href":"https:\/\/humm.loverde.fr\/index.php?rest_route=\/wp\/v2\/posts\/925\/revisions"}],"predecessor-version":[{"id":929,"href":"https:\/\/humm.loverde.fr\/index.php?rest_route=\/wp\/v2\/posts\/925\/revisions\/929"}],"wp:attachment":[{"href":"https:\/\/humm.loverde.fr\/index.php?rest_route=%2Fwp%2Fv2%2Fmedia&parent=925"}],"wp:term":[{"taxonomy":"category","embeddable":true,"href":"https:\/\/humm.loverde.fr\/index.php?rest_route=%2Fwp%2Fv2%2Fcategories&post=925"},{"taxonomy":"post_tag","embeddable":true,"href":"https:\/\/humm.loverde.fr\/index.php?rest_route=%2Fwp%2Fv2%2Ftags&post=925"}],"curies":[{"name":"wp","href":"https:\/\/api.w.org\/{rel}","templated":true}]}}