{"id":9780,"date":"2024-03-26T06:00:27","date_gmt":"2024-03-26T05:00:27","guid":{"rendered":"https:\/\/humm.loverde.fr\/?p=9780"},"modified":"2024-02-25T13:54:15","modified_gmt":"2024-02-25T12:54:15","slug":"salade-de-hareng","status":"publish","type":"post","link":"https:\/\/humm.loverde.fr\/?p=9780","title":{"rendered":"Salade de hareng"},"content":{"rendered":"<p>Pas vraiment une recette juste un accompagnement de hareng fum\u00e9 d\u00e9j\u00e0 pr\u00e9par\u00e9.<\/p>\n<p><img data-recalc-dims=\"1\" loading=\"lazy\" decoding=\"async\" data-attachment-id=\"9784\" data-permalink=\"https:\/\/humm.loverde.fr\/?attachment_id=9784\" data-orig-file=\"https:\/\/i0.wp.com\/humm.loverde.fr\/wp-content\/uploads\/2024\/02\/img_20240130_130554_copy_1280x576862463919351745271.jpg?fit=1280%2C576&amp;ssl=1\" data-orig-size=\"1280,576\" data-comments-opened=\"1\" data-image-meta=\"{&quot;aperture&quot;:&quot;0&quot;,&quot;credit&quot;:&quot;&quot;,&quot;camera&quot;:&quot;&quot;,&quot;caption&quot;:&quot;&quot;,&quot;created_timestamp&quot;:&quot;0&quot;,&quot;copyright&quot;:&quot;&quot;,&quot;focal_length&quot;:&quot;0&quot;,&quot;iso&quot;:&quot;0&quot;,&quot;shutter_speed&quot;:&quot;0&quot;,&quot;title&quot;:&quot;&quot;,&quot;orientation&quot;:&quot;0&quot;}\" data-image-title=\"img_20240130_130554_copy_1280x576862463919351745271\" data-image-description=\"\" data-image-caption=\"\" data-large-file=\"https:\/\/i0.wp.com\/humm.loverde.fr\/wp-content\/uploads\/2024\/02\/img_20240130_130554_copy_1280x576862463919351745271.jpg?fit=960%2C432&amp;ssl=1\" class=\"wp-image-9784 alignnone size-full\" src=\"https:\/\/i0.wp.com\/humm.loverde.fr\/wp-content\/uploads\/2024\/02\/img_20240130_130554_copy_1280x576862463919351745271.jpg?resize=1200%2C540&#038;ssl=1\" width=\"1200\" height=\"540\" srcset=\"https:\/\/i0.wp.com\/humm.loverde.fr\/wp-content\/uploads\/2024\/02\/img_20240130_130554_copy_1280x576862463919351745271.jpg?w=1280&amp;ssl=1 1280w, https:\/\/i0.wp.com\/humm.loverde.fr\/wp-content\/uploads\/2024\/02\/img_20240130_130554_copy_1280x576862463919351745271.jpg?resize=595%2C268&amp;ssl=1 595w, https:\/\/i0.wp.com\/humm.loverde.fr\/wp-content\/uploads\/2024\/02\/img_20240130_130554_copy_1280x576862463919351745271.jpg?resize=960%2C432&amp;ssl=1 960w, https:\/\/i0.wp.com\/humm.loverde.fr\/wp-content\/uploads\/2024\/02\/img_20240130_130554_copy_1280x576862463919351745271.jpg?resize=768%2C346&amp;ssl=1 768w\" sizes=\"auto, (max-width: 1200px) 100vw, 1200px\" \/><\/p>\n<h2>Ingr\u00e9dients<\/h2>\n<ul>\n<li>Hareng fum\u00e9<\/li>\n<li>Des gros cornichons<\/li>\n<li>Un oignon ou \u00e9chalotes<\/li>\n<li>De l&rsquo;huile pas d&rsquo;olive car elle fige au frigo<\/li>\n<li>Des pommes de terre<\/li>\n<\/ul>\n<figure style=\"width: 1023px\" class=\"wp-caption alignnone\"><img data-recalc-dims=\"1\" loading=\"lazy\" decoding=\"async\" data-attachment-id=\"9812\" data-permalink=\"https:\/\/humm.loverde.fr\/?attachment_id=9812\" data-orig-file=\"https:\/\/i0.wp.com\/humm.loverde.fr\/wp-content\/uploads\/2024\/02\/img_20240225_114823-1-1_copy_1024x6524317422209984347491.jpg?fit=1023%2C652&amp;ssl=1\" data-orig-size=\"1023,652\" data-comments-opened=\"1\" data-image-meta=\"{&quot;aperture&quot;:&quot;0&quot;,&quot;credit&quot;:&quot;&quot;,&quot;camera&quot;:&quot;&quot;,&quot;caption&quot;:&quot;&quot;,&quot;created_timestamp&quot;:&quot;0&quot;,&quot;copyright&quot;:&quot;&quot;,&quot;focal_length&quot;:&quot;0&quot;,&quot;iso&quot;:&quot;0&quot;,&quot;shutter_speed&quot;:&quot;0&quot;,&quot;title&quot;:&quot;&quot;,&quot;orientation&quot;:&quot;0&quot;}\" data-image-title=\"img_20240225_114823-1-1_copy_1024x6524317422209984347491\" data-image-description=\"\" data-image-caption=\"\" data-large-file=\"https:\/\/i0.wp.com\/humm.loverde.fr\/wp-content\/uploads\/2024\/02\/img_20240225_114823-1-1_copy_1024x6524317422209984347491.jpg?fit=960%2C612&amp;ssl=1\" class=\"size-full wp-image-9812\" src=\"https:\/\/i0.wp.com\/humm.loverde.fr\/wp-content\/uploads\/2024\/02\/img_20240225_114823-1-1_copy_1024x6524317422209984347491.jpg?resize=1023%2C652&#038;ssl=1\" width=\"1023\" height=\"652\" srcset=\"https:\/\/i0.wp.com\/humm.loverde.fr\/wp-content\/uploads\/2024\/02\/img_20240225_114823-1-1_copy_1024x6524317422209984347491.jpg?w=1023&amp;ssl=1 1023w, https:\/\/i0.wp.com\/humm.loverde.fr\/wp-content\/uploads\/2024\/02\/img_20240225_114823-1-1_copy_1024x6524317422209984347491.jpg?resize=595%2C379&amp;ssl=1 595w, https:\/\/i0.wp.com\/humm.loverde.fr\/wp-content\/uploads\/2024\/02\/img_20240225_114823-1-1_copy_1024x6524317422209984347491.jpg?resize=960%2C612&amp;ssl=1 960w, https:\/\/i0.wp.com\/humm.loverde.fr\/wp-content\/uploads\/2024\/02\/img_20240225_114823-1-1_copy_1024x6524317422209984347491.jpg?resize=768%2C489&amp;ssl=1 768w\" sizes=\"auto, (max-width: 1023px) 100vw, 1023px\" \/><figcaption class=\"wp-caption-text\">Avec \u00e9chalotes et sans pommes de terre<\/figcaption><\/figure>\n<h2>Pr\u00e9paration<\/h2>\n<p>D\u00e9couper les filets de hareng en petits morceaux.<br \/>\nCuire les pommes de terre assez ferme dans une casserole d&rsquo;eau.<br \/>\nCouper l&rsquo;oignon tout petit bout et les cornichons en tranches.<br \/>\nPas de sel bien s\u00fbr mais un peu de poivre.<\/p>\n<p>Ne pas manger tout de suite laisser la salade sejourner quelques heures au frigo.<\/p>\n<p><a href=\"http:\/\/bit.ly\/Christian_Loverde\">bit.ly\/Christian_Loverde<\/a><\/p>\n<p><a href=\"https:\/\/i0.wp.com\/humm.loverde.fr\/wp-content\/uploads\/2024\/02\/IMG_20240220_093756_900.jpg?ssl=1\" rel=\"attachment wp-att-9781\"><img data-recalc-dims=\"1\" loading=\"lazy\" decoding=\"async\" data-attachment-id=\"9781\" data-permalink=\"https:\/\/humm.loverde.fr\/?attachment_id=9781\" data-orig-file=\"https:\/\/i0.wp.com\/humm.loverde.fr\/wp-content\/uploads\/2024\/02\/IMG_20240220_093756_900.jpg?fit=1280%2C576&amp;ssl=1\" data-orig-size=\"1280,576\" data-comments-opened=\"1\" data-image-meta=\"{&quot;aperture&quot;:&quot;0&quot;,&quot;credit&quot;:&quot;&quot;,&quot;camera&quot;:&quot;&quot;,&quot;caption&quot;:&quot;&quot;,&quot;created_timestamp&quot;:&quot;0&quot;,&quot;copyright&quot;:&quot;&quot;,&quot;focal_length&quot;:&quot;0&quot;,&quot;iso&quot;:&quot;0&quot;,&quot;shutter_speed&quot;:&quot;0&quot;,&quot;title&quot;:&quot;&quot;,&quot;orientation&quot;:&quot;0&quot;}\" data-image-title=\"IMG_20240220_093756_900\" data-image-description=\"\" data-image-caption=\"\" data-large-file=\"https:\/\/i0.wp.com\/humm.loverde.fr\/wp-content\/uploads\/2024\/02\/IMG_20240220_093756_900.jpg?fit=960%2C432&amp;ssl=1\" class=\"alignnone size-full wp-image-9781\" src=\"https:\/\/i0.wp.com\/humm.loverde.fr\/wp-content\/uploads\/2024\/02\/IMG_20240220_093756_900.jpg?resize=960%2C9999&#038;ssl=1\" alt=\"\" title=\"img_20240220_093756_900-jpg\" width=\"960\" height=\"9999\"><\/a><\/p>\n","protected":false},"excerpt":{"rendered":"<p>Pas vraiment une recette juste un accompagnement de hareng fum\u00e9 d\u00e9j\u00e0 pr\u00e9par\u00e9. Ingr\u00e9dients Hareng fum\u00e9 Des gros cornichons Un oignon &hellip; <\/p>\n","protected":false},"author":1,"featured_media":9781,"comment_status":"open","ping_status":"","sticky":false,"template":"","format":"standard","meta":{"jetpack_post_was_ever_published":false,"_jetpack_newsletter_access":"","_jetpack_dont_email_post_to_subs":false,"_jetpack_newsletter_tier_id":0,"_jetpack_memberships_contains_paywalled_content":false,"_jetpack_memberships_contains_paid_content":false,"footnotes":"","jetpack_publicize_message":"","jetpack_publicize_feature_enabled":true,"jetpack_social_post_already_shared":true,"jetpack_social_options":{"image_generator_settings":{"template":"highway","default_image_id":0,"font":"","enabled":false},"version":2}},"categories":[2],"tags":[378,968,1621,342],"class_list":["post-9780","post","type-post","status-publish","format-standard","has-post-thumbnail","hentry","category-recettes","tag-cornichons","tag-fume","tag-hareng","tag-salade"],"jetpack_publicize_connections":[],"jetpack_featured_media_url":"https:\/\/i0.wp.com\/humm.loverde.fr\/wp-content\/uploads\/2024\/02\/IMG_20240220_093756_900.jpg?fit=1280%2C576&ssl=1","jetpack_sharing_enabled":true,"jetpack_shortlink":"https:\/\/wp.me\/p9whbF-2xK","jetpack_likes_enabled":true,"jetpack-related-posts":[{"id":1171,"url":"https:\/\/humm.loverde.fr\/?p=1171","url_meta":{"origin":9780,"position":0},"title":"Salade de pommes de terre am\u00e9lior\u00e9e","author":"cloverde","date":"23 ao\u00fbt 2016","format":false,"excerpt":"Ceci n'est pas vraiment une recette, juste une photo. A vous de deviner ce qu'il y a dedans! Je me suis lanc\u00e9 dans la r\u00e9alisation de salades avec presque toujours des oeufs durs. Pourquoi? Simplement parce que nos quatre poules pondent dans le meilleur des cas 4 oeufs par jour.\u2026","rel":"","context":"Dans &quot;Recettes&quot;","block_context":{"text":"Recettes","link":"https:\/\/humm.loverde.fr\/?cat=2"},"img":{"alt_text":"Salade de pommes de terre am\u00e9lior\u00e9e","src":"https:\/\/i0.wp.com\/humm.loverde.fr\/wp-content\/uploads\/2016\/06\/Salade-de-pommes-de-terre-am%C3%A9lior%C3%A9e.jpg?fit=800%2C450&ssl=1&resize=350%2C200","width":350,"height":200,"srcset":"https:\/\/i0.wp.com\/humm.loverde.fr\/wp-content\/uploads\/2016\/06\/Salade-de-pommes-de-terre-am%C3%A9lior%C3%A9e.jpg?fit=800%2C450&ssl=1&resize=350%2C200 1x, https:\/\/i0.wp.com\/humm.loverde.fr\/wp-content\/uploads\/2016\/06\/Salade-de-pommes-de-terre-am%C3%A9lior%C3%A9e.jpg?fit=800%2C450&ssl=1&resize=525%2C300 1.5x, https:\/\/i0.wp.com\/humm.loverde.fr\/wp-content\/uploads\/2016\/06\/Salade-de-pommes-de-terre-am%C3%A9lior%C3%A9e.jpg?fit=800%2C450&ssl=1&resize=700%2C400 2x"},"classes":[]},{"id":2848,"url":"https:\/\/humm.loverde.fr\/?p=2848","url_meta":{"origin":9780,"position":1},"title":"Gratin\u00e9 de pommes de terre au saumon fum\u00e9","author":"cloverde","date":"26 mai 2018","format":false,"excerpt":"Apr\u00e8s une exp\u00e9rience malheureuse avec du soja sp\u00e9cial gratin d'une couleur gris\u00e2tre et d'un go\u00fbt douteux, je revient \u00e0 la cr\u00e8me fra\u00eeche, all\u00e9g\u00e9e pour se donner bonne conscience. Plat plut\u00f4t riche que je ne vais pas refaire tous les 4 matins. Ingr\u00e9dients 125 g de Rondel\u00e9 Ail de Garonne &\u2026","rel":"","context":"Dans &quot;Recettes&quot;","block_context":{"text":"Recettes","link":"https:\/\/humm.loverde.fr\/?cat=2"},"img":{"alt_text":"","src":"https:\/\/i0.wp.com\/humm.loverde.fr\/wp-content\/uploads\/2018\/04\/9da745a0afb8fe98d7ad903ea4b39729.jpeg?fit=800%2C450&ssl=1&resize=350%2C200","width":350,"height":200,"srcset":"https:\/\/i0.wp.com\/humm.loverde.fr\/wp-content\/uploads\/2018\/04\/9da745a0afb8fe98d7ad903ea4b39729.jpeg?fit=800%2C450&ssl=1&resize=350%2C200 1x, https:\/\/i0.wp.com\/humm.loverde.fr\/wp-content\/uploads\/2018\/04\/9da745a0afb8fe98d7ad903ea4b39729.jpeg?fit=800%2C450&ssl=1&resize=525%2C300 1.5x, https:\/\/i0.wp.com\/humm.loverde.fr\/wp-content\/uploads\/2018\/04\/9da745a0afb8fe98d7ad903ea4b39729.jpeg?fit=800%2C450&ssl=1&resize=700%2C400 2x"},"classes":[]},{"id":1142,"url":"https:\/\/humm.loverde.fr\/?p=1142","url_meta":{"origin":9780,"position":2},"title":"Salade de pomme de terre","author":"cloverde","date":"11 juin 2016","format":false,"excerpt":"La salade de pomme de terre, un grand classique qui avait besoin d'\u00eatre revisit\u00e9. Ingredients 3 pommes de terre 2 oeufs durs un oignon une boite de thon \u00e0 l'huile (sans l'huile: poids de poisson 100g) 1\/2 bouquet de persil 1\/2 bouquet de coriandre fraiche de l'huile neutre (fleur de\u2026","rel":"","context":"Dans &quot;Recettes&quot;","block_context":{"text":"Recettes","link":"https:\/\/humm.loverde.fr\/?cat=2"},"img":{"alt_text":"Salade de pomme de terre","src":"https:\/\/i0.wp.com\/humm.loverde.fr\/wp-content\/uploads\/2016\/05\/image-2.jpeg?fit=500%2C624&ssl=1&resize=350%2C200","width":350,"height":200},"classes":[]},{"id":921,"url":"https:\/\/humm.loverde.fr\/?p=921","url_meta":{"origin":9780,"position":3},"title":"Potatoes au four et aiguillettes de poulet","author":"cloverde","date":"12 janvier 2016","format":false,"excerpt":"J'adore les frites mais, h\u00e9las, je ne peux pas en consommer aussi souvent que je le voudrais. Donc j'ai fait plusieurs essais de pomme de terre cuites au four, en fines lamelles, dans un sac en plastique ferm\u00e9... Les r\u00e9sultats n'ont jamais \u00e9t\u00e9 \u00e0 la hauteur! Donc voici mon dernier\u2026","rel":"","context":"Dans &quot;Recettes&quot;","block_context":{"text":"Recettes","link":"https:\/\/humm.loverde.fr\/?cat=2"},"img":{"alt_text":"Potatoes au four et aiguillettes de poulet","src":"https:\/\/i0.wp.com\/humm.loverde.fr\/wp-content\/uploads\/2015\/12\/Potatoes-au-four-et-aiguillettes-de-poulet-1-800x450.jpg?resize=350%2C200&ssl=1","width":350,"height":200,"srcset":"https:\/\/i0.wp.com\/humm.loverde.fr\/wp-content\/uploads\/2015\/12\/Potatoes-au-four-et-aiguillettes-de-poulet-1-800x450.jpg?resize=350%2C200&ssl=1 1x, https:\/\/i0.wp.com\/humm.loverde.fr\/wp-content\/uploads\/2015\/12\/Potatoes-au-four-et-aiguillettes-de-poulet-1-800x450.jpg?resize=525%2C300&ssl=1 1.5x, https:\/\/i0.wp.com\/humm.loverde.fr\/wp-content\/uploads\/2015\/12\/Potatoes-au-four-et-aiguillettes-de-poulet-1-800x450.jpg?resize=700%2C400&ssl=1 2x"},"classes":[]},{"id":1481,"url":"https:\/\/humm.loverde.fr\/?p=1481","url_meta":{"origin":9780,"position":4},"title":"Salade pomme de terre et saumon fum\u00e9","author":"cloverde","date":"16 juin 2017","format":false,"excerpt":"J'ai pass\u00e9 une p\u00e9riode \"salade\" c'\u00e9tait en septembre-octobre 2016 et en voici une qui, dans mon souvenir vaut la peine d'\u00eatre refaite. Voici venus les beaux jours, on peut r\u00e9cidiver. Ingr\u00e9dients 300 g de pomme de terre 2 tranches de saumon fum\u00e9 sauvage 1 betterave cuite 1 oignon 1 cuill\u00e8re\u2026","rel":"","context":"Dans &quot;Recettes&quot;","block_context":{"text":"Recettes","link":"https:\/\/humm.loverde.fr\/?cat=2"},"img":{"alt_text":"Salade pomme de terre et saumon fum\u00e9","src":"https:\/\/i0.wp.com\/humm.loverde.fr\/wp-content\/uploads\/2017\/02\/Salade-pomme-de-terre-et-saumon-fum%C3%A9-2.jpg?fit=800%2C450&ssl=1&resize=350%2C200","width":350,"height":200,"srcset":"https:\/\/i0.wp.com\/humm.loverde.fr\/wp-content\/uploads\/2017\/02\/Salade-pomme-de-terre-et-saumon-fum%C3%A9-2.jpg?fit=800%2C450&ssl=1&resize=350%2C200 1x, https:\/\/i0.wp.com\/humm.loverde.fr\/wp-content\/uploads\/2017\/02\/Salade-pomme-de-terre-et-saumon-fum%C3%A9-2.jpg?fit=800%2C450&ssl=1&resize=525%2C300 1.5x, https:\/\/i0.wp.com\/humm.loverde.fr\/wp-content\/uploads\/2017\/02\/Salade-pomme-de-terre-et-saumon-fum%C3%A9-2.jpg?fit=800%2C450&ssl=1&resize=700%2C400 2x"},"classes":[]},{"id":3289,"url":"https:\/\/humm.loverde.fr\/?p=3289","url_meta":{"origin":9780,"position":5},"title":"Poulet au bacon fa\u00e7on Dimitris ( \u03a0\u0397\u0393\u0397 )","author":"cloverde","date":"9 octobre 2018","format":false,"excerpt":"Poulet au bacon fa\u00e7on Dimitris ( \u03a0\u0397\u0393\u0397 ) Recette ultra simple comme je les aime. R\u00e9alis\u00e9e sur un souvenir de chez Dimitris de la taverne Pigi pr\u00e8s de Karystos sur l'\u00eele d'Eub\u00e9e, en Gr\u00e8ce bien s\u00fbr. Souvenir tout frais puisque de septembre 2018. Je ne le savais pas encore mais\u2026","rel":"","context":"Dans &quot;Recettes&quot;","block_context":{"text":"Recettes","link":"https:\/\/humm.loverde.fr\/?cat=2"},"img":{"alt_text":"","src":"https:\/\/i0.wp.com\/humm.loverde.fr\/wp-content\/uploads\/2018\/09\/Attachment-2-1.png?fit=800%2C450&ssl=1&resize=350%2C200","width":350,"height":200,"srcset":"https:\/\/i0.wp.com\/humm.loverde.fr\/wp-content\/uploads\/2018\/09\/Attachment-2-1.png?fit=800%2C450&ssl=1&resize=350%2C200 1x, https:\/\/i0.wp.com\/humm.loverde.fr\/wp-content\/uploads\/2018\/09\/Attachment-2-1.png?fit=800%2C450&ssl=1&resize=525%2C300 1.5x, https:\/\/i0.wp.com\/humm.loverde.fr\/wp-content\/uploads\/2018\/09\/Attachment-2-1.png?fit=800%2C450&ssl=1&resize=700%2C400 2x"},"classes":[]}],"_links":{"self":[{"href":"https:\/\/humm.loverde.fr\/index.php?rest_route=\/wp\/v2\/posts\/9780","targetHints":{"allow":["GET"]}}],"collection":[{"href":"https:\/\/humm.loverde.fr\/index.php?rest_route=\/wp\/v2\/posts"}],"about":[{"href":"https:\/\/humm.loverde.fr\/index.php?rest_route=\/wp\/v2\/types\/post"}],"author":[{"embeddable":true,"href":"https:\/\/humm.loverde.fr\/index.php?rest_route=\/wp\/v2\/users\/1"}],"replies":[{"embeddable":true,"href":"https:\/\/humm.loverde.fr\/index.php?rest_route=%2Fwp%2Fv2%2Fcomments&post=9780"}],"version-history":[{"count":9,"href":"https:\/\/humm.loverde.fr\/index.php?rest_route=\/wp\/v2\/posts\/9780\/revisions"}],"predecessor-version":[{"id":9815,"href":"https:\/\/humm.loverde.fr\/index.php?rest_route=\/wp\/v2\/posts\/9780\/revisions\/9815"}],"wp:featuredmedia":[{"embeddable":true,"href":"https:\/\/humm.loverde.fr\/index.php?rest_route=\/wp\/v2\/media\/9781"}],"wp:attachment":[{"href":"https:\/\/humm.loverde.fr\/index.php?rest_route=%2Fwp%2Fv2%2Fmedia&parent=9780"}],"wp:term":[{"taxonomy":"category","embeddable":true,"href":"https:\/\/humm.loverde.fr\/index.php?rest_route=%2Fwp%2Fv2%2Fcategories&post=9780"},{"taxonomy":"post_tag","embeddable":true,"href":"https:\/\/humm.loverde.fr\/index.php?rest_route=%2Fwp%2Fv2%2Ftags&post=9780"}],"curies":[{"name":"wp","href":"https:\/\/api.w.org\/{rel}","templated":true}]}}